{"id":1056,"date":"2020-02-17T15:25:06","date_gmt":"2020-02-17T14:25:06","guid":{"rendered":"https:\/\/koebenhavn.danmarksveteraner.dk\/wordpress\/?p=1056"},"modified":"2024-11-02T23:38:42","modified_gmt":"2024-11-02T22:38:42","slug":"siden-sidst-februar-2020","status":"publish","type":"post","link":"https:\/\/koebenhavn.danmarksveteraner.dk\/wordpress\/?p=1056","title":{"rendered":"Siden sidst &#8211; Februar 2020"},"content":{"rendered":"\n<p>Ved\njuleafslutningen den 12. december i bunkeren var der julehygge med gl\u00f8gg og\n\u00e6bleskiver.<\/p>\n\n\n\n<p>Som de\nfleste ved, har der hele \u00e5ret v\u00e6ret solgt faneaktier til st\u00f8tte for foreningens\nnye fane. Faneaktier og k\u00f8bere er blevet registreret, og en lodtr\u00e6kning blandt\nk\u00f8berne stillede et par pr\u00e6mier i udsigt.&nbsp;\n<\/p>\n\n\n\n<p>Aftenens\nh\u00f8jdepunkt var derfor, da Per via en app p\u00e5 sin telefon fremtryllede et lykkehjul,\nsom projekteret op p\u00e5 fjernsynssk\u00e6rmen, k\u00f8rte lystig og fandt to vindere af\nkonkurrencen.<\/p>\n\n\n\n<p>Erik Bryld\nvar den heldige vinder af f\u00f8rstepr\u00e6mien, tre flasker god r\u00f8dvin. Erik var ikke\ntil stede, men f\u00e5r pr\u00e6mien ved en anden lejlighed.<\/p>\n\n\n\n<p>Andenpr\u00e6mien\n\u2013 en flaske bitter \u2013 blev vundet af lykkehjulsf\u00f8reren selv, nemlig Per Jensen.\nBem\u00e6rkninger om aftalt spil blev fejet af bordet med klapsalver. Det var\nfortjent, for Per har k\u00f8bt rigtig mange lodder i den nye fane.<\/p>\n\n\n\n<p>Foreningen\ndeltog med fanen i landsforeningens traditionelle mindedag den 22. december,\nhvor der efter paraden ved monumentet var reception i bunkeren, hvor alle\nhyggede sig og landsformanden \u00f8nskede gl\u00e6delig jul. <\/p>\n\n\n\n<p>Januar m\u00e5ned\nb\u00f8d p\u00e5 et par almindelige m\u00f8deaftner med hygge i bunkeren.<\/p>\n\n\n\n<p>24 veteraner\nfra ODIN-kompagniet (ISAF FEB \u2013 AUG 2008) i Afghanistan var under deres \u00e5rlige\ntr\u00e6f den 25. januar p\u00e5 bes\u00f8g i bunkeren, hvor de blev vist rundt og fik et\nlille foredrag om bunkerens historie.<\/p>\n\n\n\n<p>Vi ser frem\ntil generalforsamlingen den 20. februar. P\u00e5 grund af deadline m\u00e5 omtale afvente\nn\u00e6ste udgave af BARETTEN.<\/p>\n\n\n\n<p>Veteranhilsen<\/p>\n\n\n\n<p>Finn Kromose<\/p>\n","protected":false},"excerpt":{"rendered":"<p>Ved juleafslutningen den 12. december i bunkeren var der julehygge med gl\u00f8gg og \u00e6bleskiver. Som de fleste ved, har der<\/p>\n","protected":false},"author":4,"featured_media":0,"comment_status":"closed","ping_status":"closed","sticky":false,"template":"","format":"standard","meta":{"colormag_page_container_layout":"default_layout","colormag_page_sidebar_layout":"default_layout","footnotes":""},"categories":[5],"tags":[],"class_list":["post-1056","post","type-post","status-publish","format-standard","hentry","category-nyt-fra-lokalforeningen"],"_links":{"self":[{"href":"https:\/\/koebenhavn.danmarksveteraner.dk\/wordpress\/index.php?rest_route=\/wp\/v2\/posts\/1056","targetHints":{"allow":["GET"]}}],"collection":[{"href":"https:\/\/koebenhavn.danmarksveteraner.dk\/wordpress\/index.php?rest_route=\/wp\/v2\/posts"}],"about":[{"href":"https:\/\/koebenhavn.danmarksveteraner.dk\/wordpress\/index.php?rest_route=\/wp\/v2\/types\/post"}],"author":[{"embeddable":true,"href":"https:\/\/koebenhavn.danmarksveteraner.dk\/wordpress\/index.php?rest_route=\/wp\/v2\/users\/4"}],"replies":[{"embeddable":true,"href":"https:\/\/koebenhavn.danmarksveteraner.dk\/wordpress\/index.php?rest_route=%2Fwp%2Fv2%2Fcomments&post=1056"}],"version-history":[{"count":2,"href":"https:\/\/koebenhavn.danmarksveteraner.dk\/wordpress\/index.php?rest_route=\/wp\/v2\/posts\/1056\/revisions"}],"predecessor-version":[{"id":1488,"href":"https:\/\/koebenhavn.danmarksveteraner.dk\/wordpress\/index.php?rest_route=\/wp\/v2\/posts\/1056\/revisions\/1488"}],"wp:attachment":[{"href":"https:\/\/koebenhavn.danmarksveteraner.dk\/wordpress\/index.php?rest_route=%2Fwp%2Fv2%2Fmedia&parent=1056"}],"wp:term":[{"taxonomy":"category","embeddable":true,"href":"https:\/\/koebenhavn.danmarksveteraner.dk\/wordpress\/index.php?rest_route=%2Fwp%2Fv2%2Fcategories&post=1056"},{"taxonomy":"post_tag","embeddable":true,"href":"https:\/\/koebenhavn.danmarksveteraner.dk\/wordpress\/index.php?rest_route=%2Fwp%2Fv2%2Ftags&post=1056"}],"curies":[{"name":"wp","href":"https:\/\/api.w.org\/{rel}","templated":true}]}}