{"id":1086,"date":"2020-08-20T12:21:27","date_gmt":"2020-08-20T10:21:27","guid":{"rendered":"https:\/\/koebenhavn.danmarksveteraner.dk\/wordpress\/?p=1086"},"modified":"2024-11-02T23:38:12","modified_gmt":"2024-11-02T22:38:12","slug":"siden-sidst-juli-2020","status":"publish","type":"post","link":"https:\/\/koebenhavn.danmarksveteraner.dk\/wordpress\/?p=1086","title":{"rendered":"Siden sidst &#8211; Juli 2020"},"content":{"rendered":"\n<p>Medlemsm\u00f8det den 19. marts blev aflyst grundet Corona, og der har ikke siden v\u00e6ret aktiviteter i bunkeren, som efter bestyrelsens bestemmelse er lukket indtil videre\u201d (citat)<\/p>\n\n\n\n<p>Som det er bekendt, hersker Coronaen stadig, og bunkeren ligger fortsat stille hen, ligesom den gjorde det under den kolde krig. Restriktionerne tilsiger stadig, at der ikke kan holdes m\u00f8der i bunkeren.<\/p>\n\n\n\n<p>En undtagelse, der bekr\u00e6fter reglen, fandt sted den 29. maj, hvor landsforeningen i anledning af \u201dPeacekeepers Day\u201d afholdt et yderst begr\u00e6nset arrangement, som under intens iagttagelse af Corona-restriktionerne sluttede i Grill-haven bag bunkeren. Arrangementet omtales andet sted i BARETTEN.<\/p>\n\n\n\n<p><strong>En r\u00e6v bag \u00f8ret (bag bunkeren).<\/strong><\/p>\n\n\n\n<p>Store Bededag var skribenten p\u00e5 bes\u00f8g i bunkeren sammen med fruen. Grill-haven blev tilset. P\u00e5 stien langs volden m\u00f8dte vi en stor r\u00e6vehvalp. Den blev meget forskr\u00e6kket, da den m\u00f8dte os, og for i retning mod toiletbygningen. I den modsatte retning skete det samme. Stor forskr\u00e6kkelse p\u00e5 begge sider. &nbsp;Om det var r\u00e6vehvalpen eller os, der blev mest forskr\u00e6kket, skal jeg ikke kunne sige.<\/p>\n\n\n\n<p>Der er derfor min opfattelse, at en r\u00e6vemor har stiftet bo i \u201dKommandantens have\u201d (ovenp\u00e5 bunkeren), og en af hvalpene var Store Bededag om formiddagen p\u00e5 \u201dsight seeing\u201d i omr\u00e5det.<\/p>\n\n\n\n<figure class=\"wp-block-image size-large\"><img loading=\"lazy\" decoding=\"async\" width=\"246\" height=\"205\" src=\"https:\/\/koebenhavn.danmarksveteraner.dk\/wordpress\/wp-content\/uploads\/2020\/08\/R\u00e6vehvalp.jpg\" alt=\"\" class=\"wp-image-1088\"\/><\/figure>\n\n\n\n<p>For god ordens skyld er kommandanten underrettet om r\u00e6vefamilien, s\u00e5 han har styr p\u00e5, hvilke v\u00e6sener, der ud over de menneskelige, bev\u00e6ger sig rundt i kommandantskabet.<\/p>\n\n\n\n<p>Lad os h\u00e5be, at Corona restriktionerne snart bliver lempet s\u00e5 meget, at vi igen kan m\u00f8des i bunkeren, vores unikke m\u00f8dested.<\/p>\n\n\n\n<p>Med veteranhilsen<\/p>\n\n\n\n<p>Finn Kromose<\/p>\n","protected":false},"excerpt":{"rendered":"<p>Medlemsm\u00f8det den 19. marts blev aflyst grundet Corona, og der har ikke siden v\u00e6ret aktiviteter i bunkeren, som efter bestyrelsens<\/p>\n","protected":false},"author":4,"featured_media":0,"comment_status":"closed","ping_status":"closed","sticky":false,"template":"","format":"standard","meta":{"colormag_page_container_layout":"default_layout","colormag_page_sidebar_layout":"default_layout","footnotes":""},"categories":[5],"tags":[],"class_list":["post-1086","post","type-post","status-publish","format-standard","hentry","category-nyt-fra-lokalforeningen"],"_links":{"self":[{"href":"https:\/\/koebenhavn.danmarksveteraner.dk\/wordpress\/index.php?rest_route=\/wp\/v2\/posts\/1086","targetHints":{"allow":["GET"]}}],"collection":[{"href":"https:\/\/koebenhavn.danmarksveteraner.dk\/wordpress\/index.php?rest_route=\/wp\/v2\/posts"}],"about":[{"href":"https:\/\/koebenhavn.danmarksveteraner.dk\/wordpress\/index.php?rest_route=\/wp\/v2\/types\/post"}],"author":[{"embeddable":true,"href":"https:\/\/koebenhavn.danmarksveteraner.dk\/wordpress\/index.php?rest_route=\/wp\/v2\/users\/4"}],"replies":[{"embeddable":true,"href":"https:\/\/koebenhavn.danmarksveteraner.dk\/wordpress\/index.php?rest_route=%2Fwp%2Fv2%2Fcomments&post=1086"}],"version-history":[{"count":3,"href":"https:\/\/koebenhavn.danmarksveteraner.dk\/wordpress\/index.php?rest_route=\/wp\/v2\/posts\/1086\/revisions"}],"predecessor-version":[{"id":1486,"href":"https:\/\/koebenhavn.danmarksveteraner.dk\/wordpress\/index.php?rest_route=\/wp\/v2\/posts\/1086\/revisions\/1486"}],"wp:attachment":[{"href":"https:\/\/koebenhavn.danmarksveteraner.dk\/wordpress\/index.php?rest_route=%2Fwp%2Fv2%2Fmedia&parent=1086"}],"wp:term":[{"taxonomy":"category","embeddable":true,"href":"https:\/\/koebenhavn.danmarksveteraner.dk\/wordpress\/index.php?rest_route=%2Fwp%2Fv2%2Fcategories&post=1086"},{"taxonomy":"post_tag","embeddable":true,"href":"https:\/\/koebenhavn.danmarksveteraner.dk\/wordpress\/index.php?rest_route=%2Fwp%2Fv2%2Ftags&post=1086"}],"curies":[{"name":"wp","href":"https:\/\/api.w.org\/{rel}","templated":true}]}}